{"id":16299,"date":"2026-09-05T09:55:51","date_gmt":"2026-09-05T12:55:51","guid":{"rendered":"https:\/\/agoraembrasilia.com.br\/?p=16299"},"modified":"2026-09-05T10:22:59","modified_gmt":"2026-09-05T13:22:59","slug":"deu-vontade-de-manga-no-pote-no-eixao-do-lazer-o-tio-trajano-prepara-do-seu-jeito","status":"publish","type":"post","link":"https:\/\/agoraembrasilia.com.br\/index.php\/2026\/09\/05\/deu-vontade-de-manga-no-pote-no-eixao-do-lazer-o-tio-trajano-prepara-do-seu-jeito\/","title":{"rendered":"Deu vontade de manga no pote? No  Eix\u00e3o do Lazer, o Tio Trajano prepara  do seu jeito"},"content":{"rendered":"<p class=\"p1\"><span style=\"font-size: 12pt;\"><span class=\"s1\">Quem gosta de manga e de experimentar sabores diferentes vai encontrar no Eix\u00e3o uma op\u00e7\u00e3o que merece ser apreciada. O Tio Trajano Manga no Pote est\u00e1 presente no <\/span><span class=\"s2\">Eix\u00e3o do Lazer, no Samba no Eixo e no Eixo Cultural, na altura da quadra 207, e no Choro no Eixo 204<\/span><span class=\"s1\">, levando uma experi\u00eancia diferente para quem aproveita os eventos e passeios da regi\u00e3o. E tem mais: <\/span><span class=\"s2\">eles est\u00e3o por l\u00e1 todos os domingos e feriados<\/span><span class=\"s1\">, deixando o passeio ainda mais saboroso.<\/span><\/span><\/p>\n<p>&nbsp;<\/p>\n<div id='gallery-1' class='gallery galleryid-16299 gallery-columns-3 gallery-size-thumbnail'><figure class='gallery-item'>\n\t\t\t<div class='gallery-icon portrait'>\n\t\t\t\t<a href='https:\/\/agoraembrasilia.com.br\/index.php\/2026\/09\/05\/deu-vontade-de-manga-no-pote-no-eixao-do-lazer-o-tio-trajano-prepara-do-seu-jeito\/screenshot-414\/'><img decoding=\"async\" width=\"150\" height=\"150\" src=\"https:\/\/agoraembrasilia.com.br\/wp-content\/uploads\/2026\/09\/IMG_1381-150x150.jpeg\" class=\"attachment-thumbnail size-thumbnail\" alt=\"\" aria-describedby=\"gallery-1-16300\" \/><\/a>\n\t\t\t<\/div>\n\t\t\t\t<figcaption class='wp-caption-text gallery-caption' id='gallery-1-16300'>\n\t\t\t\tScreenshot\n\t\t\t\t<\/figcaption><\/figure><figure class='gallery-item'>\n\t\t\t<div class='gallery-icon portrait'>\n\t\t\t\t<a href='https:\/\/agoraembrasilia.com.br\/index.php\/2026\/09\/05\/deu-vontade-de-manga-no-pote-no-eixao-do-lazer-o-tio-trajano-prepara-do-seu-jeito\/screenshot-415\/'><img decoding=\"async\" width=\"150\" height=\"150\" src=\"https:\/\/agoraembrasilia.com.br\/wp-content\/uploads\/2026\/09\/IMG_1382-150x150.jpeg\" class=\"attachment-thumbnail size-thumbnail\" alt=\"\" aria-describedby=\"gallery-1-16301\" \/><\/a>\n\t\t\t<\/div>\n\t\t\t\t<figcaption class='wp-caption-text gallery-caption' id='gallery-1-16301'>\n\t\t\t\tScreenshot\n\t\t\t\t<\/figcaption><\/figure><figure class='gallery-item'>\n\t\t\t<div class='gallery-icon landscape'>\n\t\t\t\t<a href='https:\/\/agoraembrasilia.com.br\/index.php\/2026\/09\/05\/deu-vontade-de-manga-no-pote-no-eixao-do-lazer-o-tio-trajano-prepara-do-seu-jeito\/img_1384\/'><img decoding=\"async\" width=\"150\" height=\"150\" src=\"https:\/\/agoraembrasilia.com.br\/wp-content\/uploads\/2026\/09\/IMG_1384-150x150.png\" class=\"attachment-thumbnail size-thumbnail\" alt=\"\" \/><\/a>\n\t\t\t<\/div><\/figure>\n\t\t<\/div>\n\n<p class=\"p1\"><span class=\"s1\" style=\"font-size: 12pt;\">A proposta \u00e9 incr\u00edvel e come\u00e7a pela escolha da fruta. O cliente decide entre manga verde ou madura e, depois, escolhe os temperos que mais combinam com seu paladar. Lemon pepper, pimenta-do-reino, p\u00e1prica picante e doce, sal, mel, leite condensado, Arisco, molho de pimenta, pimenta calabresa e molho ingl\u00eas est\u00e3o entre as op\u00e7\u00f5es.<\/span><\/p>\n<p class=\"p1\"><span class=\"s1\" style=\"font-size: 12pt;\">O preparo \u00e9 feito na hora, e cada pote \u00e9 montado de acordo com a prefer\u00eancia do cliente. Enquanto os temperos s\u00e3o misturados, ele pode experimentar e pedir ajustes at\u00e9 chegar ao sabor ideal.<\/span><\/p>\n<p class=\"p1\"><span class=\"s1\" style=\"font-size: 12pt;\">As mangas s\u00e3o compradas diariamente no Ceasa, assim como os temperos, garantindo ingredientes frescos. O atendimento tamb\u00e9m \u00e9 um diferencial, com uma equipe que trabalha com simpatia, carisma, amor e cuidado.<\/span><\/p>\n<p>&nbsp;<\/p>\n<div id='gallery-2' class='gallery galleryid-16299 gallery-columns-3 gallery-size-thumbnail'><figure class='gallery-item'>\n\t\t\t<div class='gallery-icon portrait'>\n\t\t\t\t<a href='https:\/\/agoraembrasilia.com.br\/index.php\/2026\/09\/05\/deu-vontade-de-manga-no-pote-no-eixao-do-lazer-o-tio-trajano-prepara-do-seu-jeito\/copia-de-post-de-engajamento-com-tbt-template-para-fotos-do-instagram-1080-x-1350-px-4\/'><img loading=\"lazy\" decoding=\"async\" width=\"150\" height=\"150\" src=\"https:\/\/agoraembrasilia.com.br\/wp-content\/uploads\/2026\/09\/Copia-de-Post-de-engajamento-com-TBT-template-para-fotos-do-instagram-1080-x-1350-px-150x150.png\" class=\"attachment-thumbnail size-thumbnail\" alt=\"\" \/><\/a>\n\t\t\t<\/div><\/figure><figure class='gallery-item'>\n\t\t\t<div class='gallery-icon portrait'>\n\t\t\t\t<a href='https:\/\/agoraembrasilia.com.br\/index.php\/2026\/09\/05\/deu-vontade-de-manga-no-pote-no-eixao-do-lazer-o-tio-trajano-prepara-do-seu-jeito\/de01db41-551b-438c-82b0-0b6e30cf375d\/'><img loading=\"lazy\" decoding=\"async\" width=\"150\" height=\"150\" src=\"https:\/\/agoraembrasilia.com.br\/wp-content\/uploads\/2026\/09\/DE01DB41-551B-438C-82B0-0B6E30CF375D-150x150.jpeg\" class=\"attachment-thumbnail size-thumbnail\" alt=\"\" \/><\/a>\n\t\t\t<\/div><\/figure><figure class='gallery-item'>\n\t\t\t<div class='gallery-icon portrait'>\n\t\t\t\t<a href='https:\/\/agoraembrasilia.com.br\/index.php\/2026\/09\/05\/deu-vontade-de-manga-no-pote-no-eixao-do-lazer-o-tio-trajano-prepara-do-seu-jeito\/7ad9748d-aab8-46c7-9c68-98642d8db577\/'><img loading=\"lazy\" decoding=\"async\" width=\"150\" height=\"150\" src=\"https:\/\/agoraembrasilia.com.br\/wp-content\/uploads\/2026\/09\/7ad9748d-aab8-46c7-9c68-98642d8db577-150x150.jpeg\" class=\"attachment-thumbnail size-thumbnail\" alt=\"\" \/><\/a>\n\t\t\t<\/div><\/figure>\n\t\t<\/div>\n\n<p class=\"p1\"><span class=\"s1\" style=\"font-size: 12pt;\">Para provar, o pote de 350 ml custa R$ 15, enquanto o de 500 ml custa R$ 20. Uma op\u00e7\u00e3o saborosa para refrescar o passeio e experimentar a manga de um jeito diferente.<\/span><\/p>\n<p class=\"p1\"><span style=\"font-size: 12pt;\"><span class=\"s1\">\ud83e\udd6d <\/span><span class=\"s2\">350 ml:<\/span><span class=\"s1\"> R$ 15 | <\/span><span class=\"s2\">500 ml:<\/span><span class=\"s1\"> R$ 20<\/span><\/span><\/p>\n<p class=\"p1\"><span style=\"font-size: 12pt;\"><span class=\"s1\">\ud83d\udccd <\/span><span class=\"s2\">Eix\u00e3o:<\/span><span class=\"s1\"> Eix\u00e3o do Lazer, Samba no Eixo, quadra 207, Eixo Cultural e Choro no Eixo 204<\/span><\/span><\/p>\n<p class=\"p1\"><span style=\"font-size: 12pt;\"><span class=\"s1\">\ud83d\udcc5 <\/span><span class=\"s2\">Quando:<\/span><span class=\"s1\"> todos os domingos e feriados<\/span><\/span><\/p>\n<p class=\"p1\"><span style=\"font-size: 12pt;\"><span class=\"s1\">\ud83d\ude46\ud83c\udffb\u200d\u2642\ufe0f <\/span><span class=\"s2\">Contato: 61 98166-6480<\/span><\/span><\/p>\n<p class=\"p1\"><span style=\"font-size: 12pt;\"><span class=\"s1\">\ud83d\udcf1 <\/span><span class=\"s2\">Instagram:@tiotrajano_manganopote\u00a0<\/span><\/span><\/p>\n<p class=\"p1\"><span class=\"s1\" style=\"font-size: 12pt;\">\ud83e\uddd1\ud83c\udffb\u200d\ud83d\udcbb Continue bem informado em nosso site. Link dispon\u00edvel na bio.<\/span><\/p>\n<p class=\"p1\"><span class=\"s1\" style=\"font-size: 12pt;\">#TioTrajano #MangaNoPote #MangaTemperada #Eix\u00e3o #Bras\u00edlia<\/span><\/p>\n","protected":false},"excerpt":{"rendered":"<p>Quem gosta de manga e de experimentar sabores diferentes vai encontrar no Eix\u00e3o uma op\u00e7\u00e3o que merece ser apreciada. O [&hellip;]<\/p>\n","protected":false},"author":1,"featured_media":16306,"comment_status":"open","ping_status":"open","sticky":false,"template":"","format":"standard","meta":{"_monsterinsights_skip_tracking":false,"site-sidebar-layout":"default","site-content-layout":"","ast-site-content-layout":"default","site-content-style":"default","site-sidebar-style":"default","ast-global-header-display":"","ast-banner-title-visibility":"","ast-main-header-display":"","ast-hfb-above-header-display":"","ast-hfb-below-header-display":"","ast-hfb-mobile-header-display":"","site-post-title":"","ast-breadcrumbs-content":"","ast-featured-img":"","footer-sml-layout":"","theme-transparent-header-meta":"default","adv-header-id-meta":"","stick-header-meta":"","header-above-stick-meta":"","header-main-stick-meta":"","header-below-stick-meta":"","astra-migrate-meta-layouts":"set","ast-page-background-enabled":"default","ast-page-background-meta":{"desktop":{"background-color":"var(--ast-global-color-4)","background-image":"","background-repeat":"repeat","background-position":"center center","background-size":"auto","background-attachment":"scroll","background-type":"","background-media":"","overlay-type":"","overlay-color":"","overlay-gradient":""},"tablet":{"background-color":"","background-image":"","background-repeat":"repeat","background-position":"center center","background-size":"auto","background-attachment":"scroll","background-type":"","background-media":"","overlay-type":"","overlay-color":"","overlay-gradient":""},"mobile":{"background-color":"","background-image":"","background-repeat":"repeat","background-position":"center center","background-size":"auto","background-attachment":"scroll","background-type":"","background-media":"","overlay-type":"","overlay-color":"","overlay-gradient":""}},"ast-content-background-meta":{"desktop":{"background-color":"var(--ast-global-color-5)","background-image":"","background-repeat":"repeat","background-position":"center center","background-size":"auto","background-attachment":"scroll","background-type":"","background-media":"","overlay-type":"","overlay-color":"","overlay-gradient":""},"tablet":{"background-color":"var(--ast-global-color-5)","background-image":"","background-repeat":"repeat","background-position":"center center","background-size":"auto","background-attachment":"scroll","background-type":"","background-media":"","overlay-type":"","overlay-color":"","overlay-gradient":""},"mobile":{"background-color":"var(--ast-global-color-5)","background-image":"","background-repeat":"repeat","background-position":"center center","background-size":"auto","background-attachment":"scroll","background-type":"","background-media":"","overlay-type":"","overlay-color":"","overlay-gradient":""}},"footnotes":""},"categories":[7],"tags":[],"class_list":["post-16299","post","type-post","status-publish","format-standard","has-post-thumbnail","hentry","category-bsb-em-foco"],"yoast_head":"<!-- This site is optimized with the Yoast SEO plugin v24.7 - https:\/\/yoast.com\/wordpress\/plugins\/seo\/ -->\n<title>Deu vontade de manga no pote? No Eix\u00e3o do Lazer, o Tio Trajano prepara do seu jeito - Agora em Bras\u00edlia<\/title>\n<meta name=\"robots\" content=\"index, follow, max-snippet:-1, max-image-preview:large, max-video-preview:-1\" \/>\n<link rel=\"canonical\" href=\"https:\/\/agoraembrasilia.com.br\/index.php\/2026\/09\/05\/deu-vontade-de-manga-no-pote-no-eixao-do-lazer-o-tio-trajano-prepara-do-seu-jeito\/\" \/>\n<meta property=\"og:locale\" content=\"pt_BR\" \/>\n<meta property=\"og:type\" content=\"article\" \/>\n<meta property=\"og:title\" content=\"Deu vontade de manga no pote? No Eix\u00e3o do Lazer, o Tio Trajano prepara do seu jeito - Agora em Bras\u00edlia\" \/>\n<meta property=\"og:description\" content=\"Quem gosta de manga e de experimentar sabores diferentes vai encontrar no Eix\u00e3o uma op\u00e7\u00e3o que merece ser apreciada. O [&hellip;]\" \/>\n<meta property=\"og:url\" content=\"https:\/\/agoraembrasilia.com.br\/index.php\/2026\/09\/05\/deu-vontade-de-manga-no-pote-no-eixao-do-lazer-o-tio-trajano-prepara-do-seu-jeito\/\" \/>\n<meta property=\"og:site_name\" content=\"Agora em Bras\u00edlia\" \/>\n<meta property=\"article:published_time\" content=\"2026-09-05T12:55:51+00:00\" \/>\n<meta property=\"article:modified_time\" content=\"2026-09-05T13:22:59+00:00\" \/>\n<meta property=\"og:image\" content=\"http:\/\/agoraembrasilia.com.br\/wp-content\/uploads\/2026\/09\/IMG_1411-scaled.jpeg\" \/>\n\t<meta property=\"og:image:width\" content=\"2049\" \/>\n\t<meta property=\"og:image:height\" content=\"2560\" \/>\n\t<meta property=\"og:image:type\" content=\"image\/jpeg\" \/>\n<meta name=\"author\" content=\"agoraembrasilia\" \/>\n<meta name=\"twitter:card\" content=\"summary_large_image\" \/>\n<meta name=\"twitter:label1\" content=\"Escrito por\" \/>\n\t<meta name=\"twitter:data1\" content=\"agoraembrasilia\" \/>\n\t<meta name=\"twitter:label2\" content=\"Est. tempo de leitura\" \/>\n\t<meta name=\"twitter:data2\" content=\"2 minutos\" \/>\n<script type=\"application\/ld+json\" class=\"yoast-schema-graph\">{\"@context\":\"https:\/\/schema.org\",\"@graph\":[{\"@type\":\"Article\",\"@id\":\"https:\/\/agoraembrasilia.com.br\/index.php\/2026\/09\/05\/deu-vontade-de-manga-no-pote-no-eixao-do-lazer-o-tio-trajano-prepara-do-seu-jeito\/#article\",\"isPartOf\":{\"@id\":\"https:\/\/agoraembrasilia.com.br\/index.php\/2026\/09\/05\/deu-vontade-de-manga-no-pote-no-eixao-do-lazer-o-tio-trajano-prepara-do-seu-jeito\/\"},\"author\":{\"name\":\"agoraembrasilia\",\"@id\":\"https:\/\/agoraembrasilia.com.br\/#\/schema\/person\/e4fede28c3f4f518c96e69147d3587f5\"},\"headline\":\"Deu vontade de manga no pote? No Eix\u00e3o do Lazer, o Tio Trajano prepara do seu jeito\",\"datePublished\":\"2026-09-05T12:55:51+00:00\",\"dateModified\":\"2026-09-05T13:22:59+00:00\",\"mainEntityOfPage\":{\"@id\":\"https:\/\/agoraembrasilia.com.br\/index.php\/2026\/09\/05\/deu-vontade-de-manga-no-pote-no-eixao-do-lazer-o-tio-trajano-prepara-do-seu-jeito\/\"},\"wordCount\":312,\"commentCount\":0,\"publisher\":{\"@id\":\"https:\/\/agoraembrasilia.com.br\/#organization\"},\"image\":{\"@id\":\"https:\/\/agoraembrasilia.com.br\/index.php\/2026\/09\/05\/deu-vontade-de-manga-no-pote-no-eixao-do-lazer-o-tio-trajano-prepara-do-seu-jeito\/#primaryimage\"},\"thumbnailUrl\":\"https:\/\/agoraembrasilia.com.br\/wp-content\/uploads\/2026\/09\/IMG_1411-scaled.jpeg\",\"articleSection\":[\"BSB Em Foco\"],\"inLanguage\":\"pt-BR\",\"potentialAction\":[{\"@type\":\"CommentAction\",\"name\":\"Comment\",\"target\":[\"https:\/\/agoraembrasilia.com.br\/index.php\/2026\/09\/05\/deu-vontade-de-manga-no-pote-no-eixao-do-lazer-o-tio-trajano-prepara-do-seu-jeito\/#respond\"]}]},{\"@type\":\"WebPage\",\"@id\":\"https:\/\/agoraembrasilia.com.br\/index.php\/2026\/09\/05\/deu-vontade-de-manga-no-pote-no-eixao-do-lazer-o-tio-trajano-prepara-do-seu-jeito\/\",\"url\":\"https:\/\/agoraembrasilia.com.br\/index.php\/2026\/09\/05\/deu-vontade-de-manga-no-pote-no-eixao-do-lazer-o-tio-trajano-prepara-do-seu-jeito\/\",\"name\":\"Deu vontade de manga no pote? No Eix\u00e3o do Lazer, o Tio Trajano prepara do seu jeito - Agora em Bras\u00edlia\",\"isPartOf\":{\"@id\":\"https:\/\/agoraembrasilia.com.br\/#website\"},\"primaryImageOfPage\":{\"@id\":\"https:\/\/agoraembrasilia.com.br\/index.php\/2026\/09\/05\/deu-vontade-de-manga-no-pote-no-eixao-do-lazer-o-tio-trajano-prepara-do-seu-jeito\/#primaryimage\"},\"image\":{\"@id\":\"https:\/\/agoraembrasilia.com.br\/index.php\/2026\/09\/05\/deu-vontade-de-manga-no-pote-no-eixao-do-lazer-o-tio-trajano-prepara-do-seu-jeito\/#primaryimage\"},\"thumbnailUrl\":\"https:\/\/agoraembrasilia.com.br\/wp-content\/uploads\/2026\/09\/IMG_1411-scaled.jpeg\",\"datePublished\":\"2026-09-05T12:55:51+00:00\",\"dateModified\":\"2026-09-05T13:22:59+00:00\",\"breadcrumb\":{\"@id\":\"https:\/\/agoraembrasilia.com.br\/index.php\/2026\/09\/05\/deu-vontade-de-manga-no-pote-no-eixao-do-lazer-o-tio-trajano-prepara-do-seu-jeito\/#breadcrumb\"},\"inLanguage\":\"pt-BR\",\"potentialAction\":[{\"@type\":\"ReadAction\",\"target\":[\"https:\/\/agoraembrasilia.com.br\/index.php\/2026\/09\/05\/deu-vontade-de-manga-no-pote-no-eixao-do-lazer-o-tio-trajano-prepara-do-seu-jeito\/\"]}]},{\"@type\":\"ImageObject\",\"inLanguage\":\"pt-BR\",\"@id\":\"https:\/\/agoraembrasilia.com.br\/index.php\/2026\/09\/05\/deu-vontade-de-manga-no-pote-no-eixao-do-lazer-o-tio-trajano-prepara-do-seu-jeito\/#primaryimage\",\"url\":\"https:\/\/agoraembrasilia.com.br\/wp-content\/uploads\/2026\/09\/IMG_1411-scaled.jpeg\",\"contentUrl\":\"https:\/\/agoraembrasilia.com.br\/wp-content\/uploads\/2026\/09\/IMG_1411-scaled.jpeg\",\"width\":2049,\"height\":2560},{\"@type\":\"BreadcrumbList\",\"@id\":\"https:\/\/agoraembrasilia.com.br\/index.php\/2026\/09\/05\/deu-vontade-de-manga-no-pote-no-eixao-do-lazer-o-tio-trajano-prepara-do-seu-jeito\/#breadcrumb\",\"itemListElement\":[{\"@type\":\"ListItem\",\"position\":1,\"name\":\"In\u00edcio\",\"item\":\"https:\/\/agoraembrasilia.com.br\/\"},{\"@type\":\"ListItem\",\"position\":2,\"name\":\"Deu vontade de manga no pote? No Eix\u00e3o do Lazer, o Tio Trajano prepara do seu jeito\"}]},{\"@type\":\"WebSite\",\"@id\":\"https:\/\/agoraembrasilia.com.br\/#website\",\"url\":\"https:\/\/agoraembrasilia.com.br\/\",\"name\":\"Agora em Bras\u00edlia\",\"description\":\"Not\u00edcias do nosso quadradinho!\",\"publisher\":{\"@id\":\"https:\/\/agoraembrasilia.com.br\/#organization\"},\"potentialAction\":[{\"@type\":\"SearchAction\",\"target\":{\"@type\":\"EntryPoint\",\"urlTemplate\":\"https:\/\/agoraembrasilia.com.br\/?s={search_term_string}\"},\"query-input\":{\"@type\":\"PropertyValueSpecification\",\"valueRequired\":true,\"valueName\":\"search_term_string\"}}],\"inLanguage\":\"pt-BR\"},{\"@type\":\"Organization\",\"@id\":\"https:\/\/agoraembrasilia.com.br\/#organization\",\"name\":\"Agora em Bras\u00edlia\",\"url\":\"https:\/\/agoraembrasilia.com.br\/\",\"logo\":{\"@type\":\"ImageObject\",\"inLanguage\":\"pt-BR\",\"@id\":\"https:\/\/agoraembrasilia.com.br\/#\/schema\/logo\/image\/\",\"url\":\"https:\/\/agoraembrasilia.com.br\/wp-content\/uploads\/2025\/03\/Copia-de-Red-Black-Creative-Modern-Business-Card.png\",\"contentUrl\":\"https:\/\/agoraembrasilia.com.br\/wp-content\/uploads\/2025\/03\/Copia-de-Red-Black-Creative-Modern-Business-Card.png\",\"width\":1004,\"height\":591,\"caption\":\"Agora em Bras\u00edlia\"},\"image\":{\"@id\":\"https:\/\/agoraembrasilia.com.br\/#\/schema\/logo\/image\/\"},\"sameAs\":[\"https:\/\/www.instagram.com\/agoraembrasilia\/?img_index=1\"]},{\"@type\":\"Person\",\"@id\":\"https:\/\/agoraembrasilia.com.br\/#\/schema\/person\/e4fede28c3f4f518c96e69147d3587f5\",\"name\":\"agoraembrasilia\",\"image\":{\"@type\":\"ImageObject\",\"inLanguage\":\"pt-BR\",\"@id\":\"https:\/\/agoraembrasilia.com.br\/#\/schema\/person\/image\/\",\"url\":\"https:\/\/secure.gravatar.com\/avatar\/3ba395748d46a55df88b11820c7239891ff2334aa1b26b292727d61cc1408fef?s=96&d=mm&r=g\",\"contentUrl\":\"https:\/\/secure.gravatar.com\/avatar\/3ba395748d46a55df88b11820c7239891ff2334aa1b26b292727d61cc1408fef?s=96&d=mm&r=g\",\"caption\":\"agoraembrasilia\"},\"sameAs\":[\"https:\/\/agoraembrasilia.com.br\"],\"url\":\"https:\/\/agoraembrasilia.com.br\/index.php\/author\/agoraembrasilia\/\"}]}<\/script>\n<!-- \/ Yoast SEO plugin. -->","yoast_head_json":{"title":"Deu vontade de manga no pote? No Eix\u00e3o do Lazer, o Tio Trajano prepara do seu jeito - Agora em Bras\u00edlia","robots":{"index":"index","follow":"follow","max-snippet":"max-snippet:-1","max-image-preview":"max-image-preview:large","max-video-preview":"max-video-preview:-1"},"canonical":"https:\/\/agoraembrasilia.com.br\/index.php\/2026\/09\/05\/deu-vontade-de-manga-no-pote-no-eixao-do-lazer-o-tio-trajano-prepara-do-seu-jeito\/","og_locale":"pt_BR","og_type":"article","og_title":"Deu vontade de manga no pote? No Eix\u00e3o do Lazer, o Tio Trajano prepara do seu jeito - Agora em Bras\u00edlia","og_description":"Quem gosta de manga e de experimentar sabores diferentes vai encontrar no Eix\u00e3o uma op\u00e7\u00e3o que merece ser apreciada. O [&hellip;]","og_url":"https:\/\/agoraembrasilia.com.br\/index.php\/2026\/09\/05\/deu-vontade-de-manga-no-pote-no-eixao-do-lazer-o-tio-trajano-prepara-do-seu-jeito\/","og_site_name":"Agora em Bras\u00edlia","article_published_time":"2026-09-05T12:55:51+00:00","article_modified_time":"2026-09-05T13:22:59+00:00","og_image":[{"width":2049,"height":2560,"url":"http:\/\/agoraembrasilia.com.br\/wp-content\/uploads\/2026\/09\/IMG_1411-scaled.jpeg","type":"image\/jpeg"}],"author":"agoraembrasilia","twitter_card":"summary_large_image","twitter_misc":{"Escrito por":"agoraembrasilia","Est. tempo de leitura":"2 minutos"},"schema":{"@context":"https:\/\/schema.org","@graph":[{"@type":"Article","@id":"https:\/\/agoraembrasilia.com.br\/index.php\/2026\/09\/05\/deu-vontade-de-manga-no-pote-no-eixao-do-lazer-o-tio-trajano-prepara-do-seu-jeito\/#article","isPartOf":{"@id":"https:\/\/agoraembrasilia.com.br\/index.php\/2026\/09\/05\/deu-vontade-de-manga-no-pote-no-eixao-do-lazer-o-tio-trajano-prepara-do-seu-jeito\/"},"author":{"name":"agoraembrasilia","@id":"https:\/\/agoraembrasilia.com.br\/#\/schema\/person\/e4fede28c3f4f518c96e69147d3587f5"},"headline":"Deu vontade de manga no pote? No Eix\u00e3o do Lazer, o Tio Trajano prepara do seu jeito","datePublished":"2026-09-05T12:55:51+00:00","dateModified":"2026-09-05T13:22:59+00:00","mainEntityOfPage":{"@id":"https:\/\/agoraembrasilia.com.br\/index.php\/2026\/09\/05\/deu-vontade-de-manga-no-pote-no-eixao-do-lazer-o-tio-trajano-prepara-do-seu-jeito\/"},"wordCount":312,"commentCount":0,"publisher":{"@id":"https:\/\/agoraembrasilia.com.br\/#organization"},"image":{"@id":"https:\/\/agoraembrasilia.com.br\/index.php\/2026\/09\/05\/deu-vontade-de-manga-no-pote-no-eixao-do-lazer-o-tio-trajano-prepara-do-seu-jeito\/#primaryimage"},"thumbnailUrl":"https:\/\/agoraembrasilia.com.br\/wp-content\/uploads\/2026\/09\/IMG_1411-scaled.jpeg","articleSection":["BSB Em Foco"],"inLanguage":"pt-BR","potentialAction":[{"@type":"CommentAction","name":"Comment","target":["https:\/\/agoraembrasilia.com.br\/index.php\/2026\/09\/05\/deu-vontade-de-manga-no-pote-no-eixao-do-lazer-o-tio-trajano-prepara-do-seu-jeito\/#respond"]}]},{"@type":"WebPage","@id":"https:\/\/agoraembrasilia.com.br\/index.php\/2026\/09\/05\/deu-vontade-de-manga-no-pote-no-eixao-do-lazer-o-tio-trajano-prepara-do-seu-jeito\/","url":"https:\/\/agoraembrasilia.com.br\/index.php\/2026\/09\/05\/deu-vontade-de-manga-no-pote-no-eixao-do-lazer-o-tio-trajano-prepara-do-seu-jeito\/","name":"Deu vontade de manga no pote? No Eix\u00e3o do Lazer, o Tio Trajano prepara do seu jeito - Agora em Bras\u00edlia","isPartOf":{"@id":"https:\/\/agoraembrasilia.com.br\/#website"},"primaryImageOfPage":{"@id":"https:\/\/agoraembrasilia.com.br\/index.php\/2026\/09\/05\/deu-vontade-de-manga-no-pote-no-eixao-do-lazer-o-tio-trajano-prepara-do-seu-jeito\/#primaryimage"},"image":{"@id":"https:\/\/agoraembrasilia.com.br\/index.php\/2026\/09\/05\/deu-vontade-de-manga-no-pote-no-eixao-do-lazer-o-tio-trajano-prepara-do-seu-jeito\/#primaryimage"},"thumbnailUrl":"https:\/\/agoraembrasilia.com.br\/wp-content\/uploads\/2026\/09\/IMG_1411-scaled.jpeg","datePublished":"2026-09-05T12:55:51+00:00","dateModified":"2026-09-05T13:22:59+00:00","breadcrumb":{"@id":"https:\/\/agoraembrasilia.com.br\/index.php\/2026\/09\/05\/deu-vontade-de-manga-no-pote-no-eixao-do-lazer-o-tio-trajano-prepara-do-seu-jeito\/#breadcrumb"},"inLanguage":"pt-BR","potentialAction":[{"@type":"ReadAction","target":["https:\/\/agoraembrasilia.com.br\/index.php\/2026\/09\/05\/deu-vontade-de-manga-no-pote-no-eixao-do-lazer-o-tio-trajano-prepara-do-seu-jeito\/"]}]},{"@type":"ImageObject","inLanguage":"pt-BR","@id":"https:\/\/agoraembrasilia.com.br\/index.php\/2026\/09\/05\/deu-vontade-de-manga-no-pote-no-eixao-do-lazer-o-tio-trajano-prepara-do-seu-jeito\/#primaryimage","url":"https:\/\/agoraembrasilia.com.br\/wp-content\/uploads\/2026\/09\/IMG_1411-scaled.jpeg","contentUrl":"https:\/\/agoraembrasilia.com.br\/wp-content\/uploads\/2026\/09\/IMG_1411-scaled.jpeg","width":2049,"height":2560},{"@type":"BreadcrumbList","@id":"https:\/\/agoraembrasilia.com.br\/index.php\/2026\/09\/05\/deu-vontade-de-manga-no-pote-no-eixao-do-lazer-o-tio-trajano-prepara-do-seu-jeito\/#breadcrumb","itemListElement":[{"@type":"ListItem","position":1,"name":"In\u00edcio","item":"https:\/\/agoraembrasilia.com.br\/"},{"@type":"ListItem","position":2,"name":"Deu vontade de manga no pote? No Eix\u00e3o do Lazer, o Tio Trajano prepara do seu jeito"}]},{"@type":"WebSite","@id":"https:\/\/agoraembrasilia.com.br\/#website","url":"https:\/\/agoraembrasilia.com.br\/","name":"Agora em Bras\u00edlia","description":"Not\u00edcias do nosso quadradinho!","publisher":{"@id":"https:\/\/agoraembrasilia.com.br\/#organization"},"potentialAction":[{"@type":"SearchAction","target":{"@type":"EntryPoint","urlTemplate":"https:\/\/agoraembrasilia.com.br\/?s={search_term_string}"},"query-input":{"@type":"PropertyValueSpecification","valueRequired":true,"valueName":"search_term_string"}}],"inLanguage":"pt-BR"},{"@type":"Organization","@id":"https:\/\/agoraembrasilia.com.br\/#organization","name":"Agora em Bras\u00edlia","url":"https:\/\/agoraembrasilia.com.br\/","logo":{"@type":"ImageObject","inLanguage":"pt-BR","@id":"https:\/\/agoraembrasilia.com.br\/#\/schema\/logo\/image\/","url":"https:\/\/agoraembrasilia.com.br\/wp-content\/uploads\/2025\/03\/Copia-de-Red-Black-Creative-Modern-Business-Card.png","contentUrl":"https:\/\/agoraembrasilia.com.br\/wp-content\/uploads\/2025\/03\/Copia-de-Red-Black-Creative-Modern-Business-Card.png","width":1004,"height":591,"caption":"Agora em Bras\u00edlia"},"image":{"@id":"https:\/\/agoraembrasilia.com.br\/#\/schema\/logo\/image\/"},"sameAs":["https:\/\/www.instagram.com\/agoraembrasilia\/?img_index=1"]},{"@type":"Person","@id":"https:\/\/agoraembrasilia.com.br\/#\/schema\/person\/e4fede28c3f4f518c96e69147d3587f5","name":"agoraembrasilia","image":{"@type":"ImageObject","inLanguage":"pt-BR","@id":"https:\/\/agoraembrasilia.com.br\/#\/schema\/person\/image\/","url":"https:\/\/secure.gravatar.com\/avatar\/3ba395748d46a55df88b11820c7239891ff2334aa1b26b292727d61cc1408fef?s=96&d=mm&r=g","contentUrl":"https:\/\/secure.gravatar.com\/avatar\/3ba395748d46a55df88b11820c7239891ff2334aa1b26b292727d61cc1408fef?s=96&d=mm&r=g","caption":"agoraembrasilia"},"sameAs":["https:\/\/agoraembrasilia.com.br"],"url":"https:\/\/agoraembrasilia.com.br\/index.php\/author\/agoraembrasilia\/"}]}},"_links":{"self":[{"href":"https:\/\/agoraembrasilia.com.br\/index.php\/wp-json\/wp\/v2\/posts\/16299","targetHints":{"allow":["GET"]}}],"collection":[{"href":"https:\/\/agoraembrasilia.com.br\/index.php\/wp-json\/wp\/v2\/posts"}],"about":[{"href":"https:\/\/agoraembrasilia.com.br\/index.php\/wp-json\/wp\/v2\/types\/post"}],"author":[{"embeddable":true,"href":"https:\/\/agoraembrasilia.com.br\/index.php\/wp-json\/wp\/v2\/users\/1"}],"replies":[{"embeddable":true,"href":"https:\/\/agoraembrasilia.com.br\/index.php\/wp-json\/wp\/v2\/comments?post=16299"}],"version-history":[{"count":3,"href":"https:\/\/agoraembrasilia.com.br\/index.php\/wp-json\/wp\/v2\/posts\/16299\/revisions"}],"predecessor-version":[{"id":16309,"href":"https:\/\/agoraembrasilia.com.br\/index.php\/wp-json\/wp\/v2\/posts\/16299\/revisions\/16309"}],"wp:featuredmedia":[{"embeddable":true,"href":"https:\/\/agoraembrasilia.com.br\/index.php\/wp-json\/wp\/v2\/media\/16306"}],"wp:attachment":[{"href":"https:\/\/agoraembrasilia.com.br\/index.php\/wp-json\/wp\/v2\/media?parent=16299"}],"wp:term":[{"taxonomy":"category","embeddable":true,"href":"https:\/\/agoraembrasilia.com.br\/index.php\/wp-json\/wp\/v2\/categories?post=16299"},{"taxonomy":"post_tag","embeddable":true,"href":"https:\/\/agoraembrasilia.com.br\/index.php\/wp-json\/wp\/v2\/tags?post=16299"}],"curies":[{"name":"wp","href":"https:\/\/api.w.org\/{rel}","templated":true}]}}