{"id":16246,"date":"2026-08-31T19:59:28","date_gmt":"2026-08-31T22:59:28","guid":{"rendered":"https:\/\/agoraembrasilia.com.br\/?p=16246"},"modified":"2026-08-31T19:59:28","modified_gmt":"2026-08-31T22:59:28","slug":"16246","status":"publish","type":"post","link":"https:\/\/agoraembrasilia.com.br\/index.php\/2026\/08\/31\/16246\/","title":{"rendered":""},"content":{"rendered":"<p class=\"p1\"><span class=\"s1\">\u00a0<span style=\"font-size: 12pt;\">Para quem ama a culin\u00e1ria baiana, o Acaraj\u00e9 da Capital \u00e9 uma parada obrigat\u00f3ria em Samambaia. H\u00e1 10 anos, a casa leva para Bras\u00edlia o sabor e a tradi\u00e7\u00e3o da Bahia, com acaraj\u00e9 preparado com ingredientes frescos e de qualidade.<\/span><\/span><\/p>\n<p>&nbsp;<\/p>\n<div id='gallery-1' class='gallery galleryid-16246 gallery-columns-3 gallery-size-thumbnail'><figure class='gallery-item'>\n\t\t\t<div class='gallery-icon portrait'>\n\t\t\t\t<a href='https:\/\/agoraembrasilia.com.br\/index.php\/2026\/08\/31\/16246\/copia-de-post-de-engajamento-com-tbt-template-para-fotos-do-instagram-1080-x-1350-px\/'><img decoding=\"async\" width=\"150\" height=\"150\" src=\"https:\/\/agoraembrasilia.com.br\/wp-content\/uploads\/2026\/08\/Copia-de-Post-de-engajamento-com-TBT-template-para-fotos-do-instagram-1080-x-1350-px-150x150.png\" class=\"attachment-thumbnail size-thumbnail\" alt=\"\" \/><\/a>\n\t\t\t<\/div><\/figure><figure class='gallery-item'>\n\t\t\t<div class='gallery-icon portrait'>\n\t\t\t\t<a href='https:\/\/agoraembrasilia.com.br\/index.php\/2026\/08\/31\/16246\/copia-de-post-de-engajamento-com-tbt-template-para-fotos-do-instagram-1080-x-1350-px-2\/'><img decoding=\"async\" width=\"150\" height=\"150\" src=\"https:\/\/agoraembrasilia.com.br\/wp-content\/uploads\/2026\/08\/Copia-de-Post-de-engajamento-com-TBT-template-para-fotos-do-instagram-1080-x-1350-px-1-150x150.png\" class=\"attachment-thumbnail size-thumbnail\" alt=\"\" \/><\/a>\n\t\t\t<\/div><\/figure><figure class='gallery-item'>\n\t\t\t<div class='gallery-icon portrait'>\n\t\t\t\t<a href='https:\/\/agoraembrasilia.com.br\/index.php\/2026\/08\/31\/16246\/copia-de-post-de-engajamento-com-tbt-template-para-fotos-do-instagram-1080-x-1350-px-3\/'><img decoding=\"async\" width=\"150\" height=\"150\" src=\"https:\/\/agoraembrasilia.com.br\/wp-content\/uploads\/2026\/08\/Copia-de-Post-de-engajamento-com-TBT-template-para-fotos-do-instagram-1080-x-1350-px-2-150x150.png\" class=\"attachment-thumbnail size-thumbnail\" alt=\"\" \/><\/a>\n\t\t\t<\/div><\/figure>\n\t\t<\/div>\n\n<p class=\"p1\"><span class=\"s1\" style=\"font-size: 12pt;\">Al\u00e9m do tradicional acaraj\u00e9, o card\u00e1pio re\u00fane outros pratos da culin\u00e1ria baiana, como catado de siri, caranguejo e bob\u00f3 de camar\u00e3o.<\/span><\/p>\n<p class=\"p1\"><span class=\"s1\" style=\"font-size: 12pt;\">Em julho, o Acaraj\u00e9 da Capital completou 10 anos de hist\u00f3ria. Para celebrar a trajet\u00f3ria, a casa prepara uma comemora\u00e7\u00e3o especial em setembro, com muita comida baiana e surpresas. A data ser\u00e1 divulgada em breve pelas redes sociais do estabelecimento<\/span><\/p>\n<div id='gallery-2' class='gallery galleryid-16246 gallery-columns-3 gallery-size-thumbnail'><figure class='gallery-item'>\n\t\t\t<div class='gallery-icon landscape'>\n\t\t\t\t<a href='https:\/\/agoraembrasilia.com.br\/index.php\/2026\/08\/31\/16246\/img_0947-2\/'><img loading=\"lazy\" decoding=\"async\" width=\"150\" height=\"150\" src=\"https:\/\/agoraembrasilia.com.br\/wp-content\/uploads\/2026\/08\/IMG_0947-150x150.jpeg\" class=\"attachment-thumbnail size-thumbnail\" alt=\"\" \/><\/a>\n\t\t\t<\/div><\/figure><figure class='gallery-item'>\n\t\t\t<div class='gallery-icon landscape'>\n\t\t\t\t<a href='https:\/\/agoraembrasilia.com.br\/index.php\/2026\/08\/31\/16246\/img_0946\/'><img loading=\"lazy\" decoding=\"async\" width=\"150\" height=\"150\" src=\"https:\/\/agoraembrasilia.com.br\/wp-content\/uploads\/2026\/08\/IMG_0946-150x150.jpeg\" class=\"attachment-thumbnail size-thumbnail\" alt=\"\" \/><\/a>\n\t\t\t<\/div><\/figure><figure class='gallery-item'>\n\t\t\t<div class='gallery-icon landscape'>\n\t\t\t\t<a href='https:\/\/agoraembrasilia.com.br\/index.php\/2026\/08\/31\/16246\/screenshot-401\/'><img loading=\"lazy\" decoding=\"async\" width=\"150\" height=\"150\" src=\"https:\/\/agoraembrasilia.com.br\/wp-content\/uploads\/2026\/08\/IMG_0944-150x150.jpeg\" class=\"attachment-thumbnail size-thumbnail\" alt=\"\" aria-describedby=\"gallery-2-16252\" \/><\/a>\n\t\t\t<\/div>\n\t\t\t\t<figcaption class='wp-caption-text gallery-caption' id='gallery-2-16252'>\n\t\t\t\tScreenshot\n\t\t\t\t<\/figcaption><\/figure>\n\t\t<\/div>\n\n<p class=\"p1\"><span class=\"s1\" style=\"font-size: 12pt;\">.<\/span><\/p>\n<p class=\"p1\"><span class=\"s1\" style=\"font-size: 12pt;\">Localizado na QS 414, Conjunto B, Lote 02, na conveni\u00eancia do Posto Ponteio, em Samambaia Norte, o estabelecimento funciona de segunda a s\u00e1bado, das 15h \u00e0s 23h.<\/span><\/p>\n<p class=\"p1\"><span class=\"s1\" style=\"font-size: 12pt;\">Quer provar? Fa\u00e7a seu pedido pelo (61) 99820-2782 ou v\u00e1 at\u00e9 o Acaraj\u00e9 da Capital e descubra um pedacinho da Bahia em Bras\u00edlia.<\/span><\/p>\n<p class=\"p1\"><span class=\"s1\" style=\"font-size: 12pt;\">Servi\u00e7o<\/span><\/p>\n<p class=\"p1\"><span class=\"s1\" style=\"font-size: 12pt;\">Acaraj\u00e9 da Capital<\/span><\/p>\n<p class=\"p1\"><span class=\"s1\" style=\"font-size: 12pt;\">\ud83d\udccd QS 414, Conjunto B, Lote 02, Samambaia Norte<\/span><\/p>\n<p class=\"p1\"><span class=\"s1\" style=\"font-size: 12pt;\">\u23f0 Segunda a s\u00e1bado, das 15h \u00e0s 23h<\/span><\/p>\n<p class=\"p1\"><span class=\"s1\" style=\"font-size: 12pt;\">\ud83c\udfcd\ufe0f Delivery: 61 99820-2782<\/span><\/p>\n<p class=\"p1\"><span class=\"s1\" style=\"font-size: 12pt;\">\ud83d\udcde (61) 99820-2782<\/span><\/p>\n<p class=\"p1\"><span class=\"s1\" style=\"font-size: 12pt;\">\ud83d\udcf2 Instagram: @acarajedacapital<\/span><\/p>\n","protected":false},"excerpt":{"rendered":"<p>\u00a0Para quem ama a culin\u00e1ria baiana, o Acaraj\u00e9 da Capital \u00e9 uma parada obrigat\u00f3ria em Samambaia. H\u00e1 10 anos, a [&hellip;]<\/p>\n","protected":false},"author":1,"featured_media":16253,"comment_status":"open","ping_status":"open","sticky":false,"template":"","format":"standard","meta":{"_monsterinsights_skip_tracking":false,"site-sidebar-layout":"default","site-content-layout":"","ast-site-content-layout":"default","site-content-style":"default","site-sidebar-style":"default","ast-global-header-display":"","ast-banner-title-visibility":"","ast-main-header-display":"","ast-hfb-above-header-display":"","ast-hfb-below-header-display":"","ast-hfb-mobile-header-display":"","site-post-title":"","ast-breadcrumbs-content":"","ast-featured-img":"","footer-sml-layout":"","theme-transparent-header-meta":"default","adv-header-id-meta":"","stick-header-meta":"","header-above-stick-meta":"","header-main-stick-meta":"","header-below-stick-meta":"","astra-migrate-meta-layouts":"set","ast-page-background-enabled":"default","ast-page-background-meta":{"desktop":{"background-color":"var(--ast-global-color-4)","background-image":"","background-repeat":"repeat","background-position":"center center","background-size":"auto","background-attachment":"scroll","background-type":"","background-media":"","overlay-type":"","overlay-color":"","overlay-gradient":""},"tablet":{"background-color":"","background-image":"","background-repeat":"repeat","background-position":"center center","background-size":"auto","background-attachment":"scroll","background-type":"","background-media":"","overlay-type":"","overlay-color":"","overlay-gradient":""},"mobile":{"background-color":"","background-image":"","background-repeat":"repeat","background-position":"center center","background-size":"auto","background-attachment":"scroll","background-type":"","background-media":"","overlay-type":"","overlay-color":"","overlay-gradient":""}},"ast-content-background-meta":{"desktop":{"background-color":"var(--ast-global-color-5)","background-image":"","background-repeat":"repeat","background-position":"center center","background-size":"auto","background-attachment":"scroll","background-type":"","background-media":"","overlay-type":"","overlay-color":"","overlay-gradient":""},"tablet":{"background-color":"var(--ast-global-color-5)","background-image":"","background-repeat":"repeat","background-position":"center center","background-size":"auto","background-attachment":"scroll","background-type":"","background-media":"","overlay-type":"","overlay-color":"","overlay-gradient":""},"mobile":{"background-color":"var(--ast-global-color-5)","background-image":"","background-repeat":"repeat","background-position":"center center","background-size":"auto","background-attachment":"scroll","background-type":"","background-media":"","overlay-type":"","overlay-color":"","overlay-gradient":""}},"footnotes":""},"categories":[6],"tags":[],"class_list":["post-16246","post","type-post","status-publish","format-standard","has-post-thumbnail","hentry","category-bsb-em-pauta"],"yoast_head":"<!-- This site is optimized with the Yoast SEO plugin v24.7 - https:\/\/yoast.com\/wordpress\/plugins\/seo\/ -->\n<title>- Agora em Bras\u00edlia<\/title>\n<meta name=\"robots\" content=\"index, follow, max-snippet:-1, max-image-preview:large, max-video-preview:-1\" \/>\n<link rel=\"canonical\" href=\"https:\/\/agoraembrasilia.com.br\/index.php\/2026\/08\/31\/16246\/\" \/>\n<meta property=\"og:locale\" content=\"pt_BR\" \/>\n<meta property=\"og:type\" content=\"article\" \/>\n<meta property=\"og:title\" content=\"- Agora em Bras\u00edlia\" \/>\n<meta property=\"og:description\" content=\"\u00a0Para quem ama a culin\u00e1ria baiana, o Acaraj\u00e9 da Capital \u00e9 uma parada obrigat\u00f3ria em Samambaia. H\u00e1 10 anos, a [&hellip;]\" \/>\n<meta property=\"og:url\" content=\"https:\/\/agoraembrasilia.com.br\/index.php\/2026\/08\/31\/16246\/\" \/>\n<meta property=\"og:site_name\" content=\"Agora em Bras\u00edlia\" \/>\n<meta property=\"article:published_time\" content=\"2026-08-31T22:59:28+00:00\" \/>\n<meta property=\"og:image\" content=\"https:\/\/agoraembrasilia.com.br\/wp-content\/uploads\/2026\/08\/81A23EC1-7F62-47BD-8386-8B212A11C902-scaled.jpeg\" \/>\n\t<meta property=\"og:image:width\" content=\"2048\" \/>\n\t<meta property=\"og:image:height\" content=\"2560\" \/>\n\t<meta property=\"og:image:type\" content=\"image\/jpeg\" \/>\n<meta name=\"author\" content=\"agoraembrasilia\" \/>\n<meta name=\"twitter:card\" content=\"summary_large_image\" \/>\n<meta name=\"twitter:label1\" content=\"Escrito por\" \/>\n\t<meta name=\"twitter:data1\" content=\"agoraembrasilia\" \/>\n\t<meta name=\"twitter:label2\" content=\"Est. tempo de leitura\" \/>\n\t<meta name=\"twitter:data2\" content=\"2 minutos\" \/>\n<script type=\"application\/ld+json\" class=\"yoast-schema-graph\">{\"@context\":\"https:\/\/schema.org\",\"@graph\":[{\"@type\":\"Article\",\"@id\":\"https:\/\/agoraembrasilia.com.br\/index.php\/2026\/08\/31\/16246\/#article\",\"isPartOf\":{\"@id\":\"https:\/\/agoraembrasilia.com.br\/index.php\/2026\/08\/31\/16246\/\"},\"author\":{\"name\":\"agoraembrasilia\",\"@id\":\"https:\/\/agoraembrasilia.com.br\/#\/schema\/person\/e4fede28c3f4f518c96e69147d3587f5\"},\"headline\":\"Sem t\u00edtulo\",\"datePublished\":\"2026-08-31T22:59:28+00:00\",\"mainEntityOfPage\":{\"@id\":\"https:\/\/agoraembrasilia.com.br\/index.php\/2026\/08\/31\/16246\/\"},\"wordCount\":190,\"commentCount\":0,\"publisher\":{\"@id\":\"https:\/\/agoraembrasilia.com.br\/#organization\"},\"image\":{\"@id\":\"https:\/\/agoraembrasilia.com.br\/index.php\/2026\/08\/31\/16246\/#primaryimage\"},\"thumbnailUrl\":\"https:\/\/agoraembrasilia.com.br\/wp-content\/uploads\/2026\/08\/81A23EC1-7F62-47BD-8386-8B212A11C902-scaled.jpeg\",\"articleSection\":[\"BSB em pauta\"],\"inLanguage\":\"pt-BR\",\"potentialAction\":[{\"@type\":\"CommentAction\",\"name\":\"Comment\",\"target\":[\"https:\/\/agoraembrasilia.com.br\/index.php\/2026\/08\/31\/16246\/#respond\"]}]},{\"@type\":\"WebPage\",\"@id\":\"https:\/\/agoraembrasilia.com.br\/index.php\/2026\/08\/31\/16246\/\",\"url\":\"https:\/\/agoraembrasilia.com.br\/index.php\/2026\/08\/31\/16246\/\",\"name\":\"- Agora em Bras\u00edlia\",\"isPartOf\":{\"@id\":\"https:\/\/agoraembrasilia.com.br\/#website\"},\"primaryImageOfPage\":{\"@id\":\"https:\/\/agoraembrasilia.com.br\/index.php\/2026\/08\/31\/16246\/#primaryimage\"},\"image\":{\"@id\":\"https:\/\/agoraembrasilia.com.br\/index.php\/2026\/08\/31\/16246\/#primaryimage\"},\"thumbnailUrl\":\"https:\/\/agoraembrasilia.com.br\/wp-content\/uploads\/2026\/08\/81A23EC1-7F62-47BD-8386-8B212A11C902-scaled.jpeg\",\"datePublished\":\"2026-08-31T22:59:28+00:00\",\"inLanguage\":\"pt-BR\",\"potentialAction\":[{\"@type\":\"ReadAction\",\"target\":[\"https:\/\/agoraembrasilia.com.br\/index.php\/2026\/08\/31\/16246\/\"]}]},{\"@type\":\"ImageObject\",\"inLanguage\":\"pt-BR\",\"@id\":\"https:\/\/agoraembrasilia.com.br\/index.php\/2026\/08\/31\/16246\/#primaryimage\",\"url\":\"https:\/\/agoraembrasilia.com.br\/wp-content\/uploads\/2026\/08\/81A23EC1-7F62-47BD-8386-8B212A11C902-scaled.jpeg\",\"contentUrl\":\"https:\/\/agoraembrasilia.com.br\/wp-content\/uploads\/2026\/08\/81A23EC1-7F62-47BD-8386-8B212A11C902-scaled.jpeg\",\"width\":2048,\"height\":2560},{\"@type\":\"WebSite\",\"@id\":\"https:\/\/agoraembrasilia.com.br\/#website\",\"url\":\"https:\/\/agoraembrasilia.com.br\/\",\"name\":\"Agora em Bras\u00edlia\",\"description\":\"Not\u00edcias do nosso quadradinho!\",\"publisher\":{\"@id\":\"https:\/\/agoraembrasilia.com.br\/#organization\"},\"potentialAction\":[{\"@type\":\"SearchAction\",\"target\":{\"@type\":\"EntryPoint\",\"urlTemplate\":\"https:\/\/agoraembrasilia.com.br\/?s={search_term_string}\"},\"query-input\":{\"@type\":\"PropertyValueSpecification\",\"valueRequired\":true,\"valueName\":\"search_term_string\"}}],\"inLanguage\":\"pt-BR\"},{\"@type\":\"Organization\",\"@id\":\"https:\/\/agoraembrasilia.com.br\/#organization\",\"name\":\"Agora em Bras\u00edlia\",\"url\":\"https:\/\/agoraembrasilia.com.br\/\",\"logo\":{\"@type\":\"ImageObject\",\"inLanguage\":\"pt-BR\",\"@id\":\"https:\/\/agoraembrasilia.com.br\/#\/schema\/logo\/image\/\",\"url\":\"https:\/\/agoraembrasilia.com.br\/wp-content\/uploads\/2025\/03\/Copia-de-Red-Black-Creative-Modern-Business-Card.png\",\"contentUrl\":\"https:\/\/agoraembrasilia.com.br\/wp-content\/uploads\/2025\/03\/Copia-de-Red-Black-Creative-Modern-Business-Card.png\",\"width\":1004,\"height\":591,\"caption\":\"Agora em Bras\u00edlia\"},\"image\":{\"@id\":\"https:\/\/agoraembrasilia.com.br\/#\/schema\/logo\/image\/\"},\"sameAs\":[\"https:\/\/www.instagram.com\/agoraembrasilia\/?img_index=1\"]},{\"@type\":\"Person\",\"@id\":\"https:\/\/agoraembrasilia.com.br\/#\/schema\/person\/e4fede28c3f4f518c96e69147d3587f5\",\"name\":\"agoraembrasilia\",\"image\":{\"@type\":\"ImageObject\",\"inLanguage\":\"pt-BR\",\"@id\":\"https:\/\/agoraembrasilia.com.br\/#\/schema\/person\/image\/\",\"url\":\"https:\/\/secure.gravatar.com\/avatar\/3ba395748d46a55df88b11820c7239891ff2334aa1b26b292727d61cc1408fef?s=96&d=mm&r=g\",\"contentUrl\":\"https:\/\/secure.gravatar.com\/avatar\/3ba395748d46a55df88b11820c7239891ff2334aa1b26b292727d61cc1408fef?s=96&d=mm&r=g\",\"caption\":\"agoraembrasilia\"},\"sameAs\":[\"https:\/\/agoraembrasilia.com.br\"],\"url\":\"https:\/\/agoraembrasilia.com.br\/index.php\/author\/agoraembrasilia\/\"}]}<\/script>\n<!-- \/ Yoast SEO plugin. -->","yoast_head_json":{"title":"- Agora em Bras\u00edlia","robots":{"index":"index","follow":"follow","max-snippet":"max-snippet:-1","max-image-preview":"max-image-preview:large","max-video-preview":"max-video-preview:-1"},"canonical":"https:\/\/agoraembrasilia.com.br\/index.php\/2026\/08\/31\/16246\/","og_locale":"pt_BR","og_type":"article","og_title":"- Agora em Bras\u00edlia","og_description":"\u00a0Para quem ama a culin\u00e1ria baiana, o Acaraj\u00e9 da Capital \u00e9 uma parada obrigat\u00f3ria em Samambaia. H\u00e1 10 anos, a [&hellip;]","og_url":"https:\/\/agoraembrasilia.com.br\/index.php\/2026\/08\/31\/16246\/","og_site_name":"Agora em Bras\u00edlia","article_published_time":"2026-08-31T22:59:28+00:00","og_image":[{"width":2048,"height":2560,"url":"https:\/\/agoraembrasilia.com.br\/wp-content\/uploads\/2026\/08\/81A23EC1-7F62-47BD-8386-8B212A11C902-scaled.jpeg","type":"image\/jpeg"}],"author":"agoraembrasilia","twitter_card":"summary_large_image","twitter_misc":{"Escrito por":"agoraembrasilia","Est. tempo de leitura":"2 minutos"},"schema":{"@context":"https:\/\/schema.org","@graph":[{"@type":"Article","@id":"https:\/\/agoraembrasilia.com.br\/index.php\/2026\/08\/31\/16246\/#article","isPartOf":{"@id":"https:\/\/agoraembrasilia.com.br\/index.php\/2026\/08\/31\/16246\/"},"author":{"name":"agoraembrasilia","@id":"https:\/\/agoraembrasilia.com.br\/#\/schema\/person\/e4fede28c3f4f518c96e69147d3587f5"},"headline":"Sem t\u00edtulo","datePublished":"2026-08-31T22:59:28+00:00","mainEntityOfPage":{"@id":"https:\/\/agoraembrasilia.com.br\/index.php\/2026\/08\/31\/16246\/"},"wordCount":190,"commentCount":0,"publisher":{"@id":"https:\/\/agoraembrasilia.com.br\/#organization"},"image":{"@id":"https:\/\/agoraembrasilia.com.br\/index.php\/2026\/08\/31\/16246\/#primaryimage"},"thumbnailUrl":"https:\/\/agoraembrasilia.com.br\/wp-content\/uploads\/2026\/08\/81A23EC1-7F62-47BD-8386-8B212A11C902-scaled.jpeg","articleSection":["BSB em pauta"],"inLanguage":"pt-BR","potentialAction":[{"@type":"CommentAction","name":"Comment","target":["https:\/\/agoraembrasilia.com.br\/index.php\/2026\/08\/31\/16246\/#respond"]}]},{"@type":"WebPage","@id":"https:\/\/agoraembrasilia.com.br\/index.php\/2026\/08\/31\/16246\/","url":"https:\/\/agoraembrasilia.com.br\/index.php\/2026\/08\/31\/16246\/","name":"- Agora em Bras\u00edlia","isPartOf":{"@id":"https:\/\/agoraembrasilia.com.br\/#website"},"primaryImageOfPage":{"@id":"https:\/\/agoraembrasilia.com.br\/index.php\/2026\/08\/31\/16246\/#primaryimage"},"image":{"@id":"https:\/\/agoraembrasilia.com.br\/index.php\/2026\/08\/31\/16246\/#primaryimage"},"thumbnailUrl":"https:\/\/agoraembrasilia.com.br\/wp-content\/uploads\/2026\/08\/81A23EC1-7F62-47BD-8386-8B212A11C902-scaled.jpeg","datePublished":"2026-08-31T22:59:28+00:00","inLanguage":"pt-BR","potentialAction":[{"@type":"ReadAction","target":["https:\/\/agoraembrasilia.com.br\/index.php\/2026\/08\/31\/16246\/"]}]},{"@type":"ImageObject","inLanguage":"pt-BR","@id":"https:\/\/agoraembrasilia.com.br\/index.php\/2026\/08\/31\/16246\/#primaryimage","url":"https:\/\/agoraembrasilia.com.br\/wp-content\/uploads\/2026\/08\/81A23EC1-7F62-47BD-8386-8B212A11C902-scaled.jpeg","contentUrl":"https:\/\/agoraembrasilia.com.br\/wp-content\/uploads\/2026\/08\/81A23EC1-7F62-47BD-8386-8B212A11C902-scaled.jpeg","width":2048,"height":2560},{"@type":"WebSite","@id":"https:\/\/agoraembrasilia.com.br\/#website","url":"https:\/\/agoraembrasilia.com.br\/","name":"Agora em Bras\u00edlia","description":"Not\u00edcias do nosso quadradinho!","publisher":{"@id":"https:\/\/agoraembrasilia.com.br\/#organization"},"potentialAction":[{"@type":"SearchAction","target":{"@type":"EntryPoint","urlTemplate":"https:\/\/agoraembrasilia.com.br\/?s={search_term_string}"},"query-input":{"@type":"PropertyValueSpecification","valueRequired":true,"valueName":"search_term_string"}}],"inLanguage":"pt-BR"},{"@type":"Organization","@id":"https:\/\/agoraembrasilia.com.br\/#organization","name":"Agora em Bras\u00edlia","url":"https:\/\/agoraembrasilia.com.br\/","logo":{"@type":"ImageObject","inLanguage":"pt-BR","@id":"https:\/\/agoraembrasilia.com.br\/#\/schema\/logo\/image\/","url":"https:\/\/agoraembrasilia.com.br\/wp-content\/uploads\/2025\/03\/Copia-de-Red-Black-Creative-Modern-Business-Card.png","contentUrl":"https:\/\/agoraembrasilia.com.br\/wp-content\/uploads\/2025\/03\/Copia-de-Red-Black-Creative-Modern-Business-Card.png","width":1004,"height":591,"caption":"Agora em Bras\u00edlia"},"image":{"@id":"https:\/\/agoraembrasilia.com.br\/#\/schema\/logo\/image\/"},"sameAs":["https:\/\/www.instagram.com\/agoraembrasilia\/?img_index=1"]},{"@type":"Person","@id":"https:\/\/agoraembrasilia.com.br\/#\/schema\/person\/e4fede28c3f4f518c96e69147d3587f5","name":"agoraembrasilia","image":{"@type":"ImageObject","inLanguage":"pt-BR","@id":"https:\/\/agoraembrasilia.com.br\/#\/schema\/person\/image\/","url":"https:\/\/secure.gravatar.com\/avatar\/3ba395748d46a55df88b11820c7239891ff2334aa1b26b292727d61cc1408fef?s=96&d=mm&r=g","contentUrl":"https:\/\/secure.gravatar.com\/avatar\/3ba395748d46a55df88b11820c7239891ff2334aa1b26b292727d61cc1408fef?s=96&d=mm&r=g","caption":"agoraembrasilia"},"sameAs":["https:\/\/agoraembrasilia.com.br"],"url":"https:\/\/agoraembrasilia.com.br\/index.php\/author\/agoraembrasilia\/"}]}},"_links":{"self":[{"href":"https:\/\/agoraembrasilia.com.br\/index.php\/wp-json\/wp\/v2\/posts\/16246","targetHints":{"allow":["GET"]}}],"collection":[{"href":"https:\/\/agoraembrasilia.com.br\/index.php\/wp-json\/wp\/v2\/posts"}],"about":[{"href":"https:\/\/agoraembrasilia.com.br\/index.php\/wp-json\/wp\/v2\/types\/post"}],"author":[{"embeddable":true,"href":"https:\/\/agoraembrasilia.com.br\/index.php\/wp-json\/wp\/v2\/users\/1"}],"replies":[{"embeddable":true,"href":"https:\/\/agoraembrasilia.com.br\/index.php\/wp-json\/wp\/v2\/comments?post=16246"}],"version-history":[{"count":1,"href":"https:\/\/agoraembrasilia.com.br\/index.php\/wp-json\/wp\/v2\/posts\/16246\/revisions"}],"predecessor-version":[{"id":16254,"href":"https:\/\/agoraembrasilia.com.br\/index.php\/wp-json\/wp\/v2\/posts\/16246\/revisions\/16254"}],"wp:featuredmedia":[{"embeddable":true,"href":"https:\/\/agoraembrasilia.com.br\/index.php\/wp-json\/wp\/v2\/media\/16253"}],"wp:attachment":[{"href":"https:\/\/agoraembrasilia.com.br\/index.php\/wp-json\/wp\/v2\/media?parent=16246"}],"wp:term":[{"taxonomy":"category","embeddable":true,"href":"https:\/\/agoraembrasilia.com.br\/index.php\/wp-json\/wp\/v2\/categories?post=16246"},{"taxonomy":"post_tag","embeddable":true,"href":"https:\/\/agoraembrasilia.com.br\/index.php\/wp-json\/wp\/v2\/tags?post=16246"}],"curies":[{"name":"wp","href":"https:\/\/api.w.org\/{rel}","templated":true}]}}